{"id":933,"date":"2025-04-30T13:32:33","date_gmt":"2025-04-30T11:32:33","guid":{"rendered":"https:\/\/halomeble.pl\/blog\/?p=933"},"modified":"2025-04-30T13:32:34","modified_gmt":"2025-04-30T11:32:34","slug":"jaki-material-obiciowy-wybrac-do-wymarzonego-wnetrza","status":"publish","type":"post","link":"http:\/\/halomeble.pl\/blog\/jaki-material-obiciowy-wybrac-do-wymarzonego-wnetrza\/","title":{"rendered":"Jaki materia\u0142 obiciowy wybra\u0107 do wymarzonego wn\u0119trza?"},"content":{"rendered":"\n<p><a href=\"https:\/\/halomeble.pl\/meble\/meble-tapicerowane\/\">Meble tapicerowane<\/a>\u00a0ciesz\u0105 si\u0119 ogromn\u0105 popularno\u015bci\u0105 i s\u0105 cz\u0119sto wybierane przez klient\u00f3w. Dzi\u0119ki eleganckiej i starannie dobranej tapicerce na krzes\u0142a i fotele, mo\u017cna stworzy\u0107 przytulny salon lub o\u017cywi\u0107 surow\u0105 jadalni\u0119. Te meble przyci\u0105gaj\u0105 uwag\u0119 swoj\u0105 form\u0105, stylem i praktyczno\u015bci\u0105, co sprawia, \u017ce nie trac\u0105 one na popularno\u015bci. Tapicerowane krzes\u0142a i fotele doskonale wpisuj\u0105 si\u0119 w r\u00f3\u017cne style i pasuj\u0105 do r\u00f3\u017cnych wn\u0119trz. Niezale\u017cnie od tego, czy preferujesz klasyczne, antyczne, nowoczesne, czy minimalistyczne mieszkania, odpowiednio dobrany materia\u0142 na obicie mebli pozwoli Ci urz\u0105dzi\u0107 swoje wn\u0119trza wed\u0142ug w\u0142asnych upodoba\u0144. Jak wi\u0119c wybra\u0107 w\u0142a\u015bciwy materia\u0142 na obicie krzese\u0142 i foteli?<\/p>\n\n\n\n<h2 class=\"wp-block-heading\" id=\"blog2\">Najlepsza tkanina obiciowa na krzes\u0142o?<\/h2>\n\n\n\n<p>Kiedy zastanawiamy si\u0119 nad odpowiednim materia\u0142em na obicie krzese\u0142, warto rozwa\u017cy\u0107 takie opcje jak&nbsp;<strong>welur<\/strong>,&nbsp;<strong>aksamit<\/strong>,&nbsp;<strong>\u017cakard<\/strong>, oraz uniwersalny szenil. Je\u015bli poszukujemy czego\u015b bardziej niekonwencjonalnego, warto rozwa\u017cy\u0107 tak\u017ce sztruks. To materia\u0142 cz\u0119sto kojarzony z odzie\u017c\u0105, ale doskonale sprawdza si\u0119 r\u00f3wnie\u017c w tapicerce mebli. Sztruks wyr\u00f3\u017cnia si\u0119 du\u017c\u0105 trwa\u0142o\u015bci\u0105, oryginalnym wygl\u0105dem, i mo\u017ce doda\u0107 wn\u0119trzu nowoczesny charakter. Warto r\u00f3wnie\u017c rozwa\u017cy\u0107 mi\u0119kkie, g\u0142adkie i przyjemne w dotyku tkaniny szenil, kt\u00f3ra jest zawsze bezpiecznym, praktycznym i uniwersalnym wyborem.<\/p>\n\n\n\n<h2 class=\"wp-block-heading\" id=\"blog3\">Najlepszy materia\u0142 na fotel?<\/h2>\n\n\n\n<p>&nbsp;Na li\u015bcie popularnych materia\u0142\u00f3w na obicie foteli znale\u017a\u0107 mo\u017cna mi\u0119dzy innymi&nbsp;<strong>mikrofibr\u0119<\/strong>&nbsp;oraz&nbsp;<strong>szenil<\/strong>. To wyj\u0105tkowo mi\u0119kkie i przyjemne w dotyku tkaniny, kt\u00f3re idealnie sprawdzaj\u0105 si\u0119 w ka\u017cdym rodzinnym domu. Co warte podkre\u015blenia, to ich znakomita trwa\u0142o\u015b\u0107 i odporno\u015b\u0107. S\u0105 odporne na rozci\u0105ganie, \u015bcieranie oraz plamy, a tak\u017ce s\u0105 \u0142atwe do czyszczenia i utrzymania w nienagannej czysto\u015bci. Inne godne rozwa\u017cenia materia\u0142y na obicie fotela to&nbsp;<strong>welur<\/strong>,&nbsp;<strong>sztruks<\/strong>&nbsp;i&nbsp;<strong>aksamit<\/strong>, kt\u00f3re dodaj\u0105 elegancji i luksusu. Nie mo\u017cna zapomnie\u0107 r\u00f3wnie\u017c o r\u00f3\u017cnorodnych plecionkach oraz wysokiej jako\u015bci tkaninach&nbsp;<strong>\u017cakardowych<\/strong>, kt\u00f3re s\u0105 niezwykle solidne i zaspokoj\u0105 nawet najbardziej wymagaj\u0105ce gusta estetyczne.<\/p>\n\n\n\n<figure class=\"wp-block-image size-large\"><img loading=\"lazy\" decoding=\"async\" width=\"1024\" height=\"492\" src=\"https:\/\/halomeble.pl\/blog\/wp-content\/uploads\/2025\/04\/ARANZACJA-AINE_1920x1920-1024x492.jpg\" alt=\"\" class=\"wp-image-935\" srcset=\"http:\/\/halomeble.pl\/blog\/wp-content\/uploads\/2025\/04\/ARANZACJA-AINE_1920x1920-1024x492.jpg 1024w, http:\/\/halomeble.pl\/blog\/wp-content\/uploads\/2025\/04\/ARANZACJA-AINE_1920x1920-300x144.jpg 300w, http:\/\/halomeble.pl\/blog\/wp-content\/uploads\/2025\/04\/ARANZACJA-AINE_1920x1920-768x369.jpg 768w, http:\/\/halomeble.pl\/blog\/wp-content\/uploads\/2025\/04\/ARANZACJA-AINE_1920x1920-1536x738.jpg 1536w, http:\/\/halomeble.pl\/blog\/wp-content\/uploads\/2025\/04\/ARANZACJA-AINE_1920x1920.jpg 1920w\" sizes=\"auto, (max-width: 1024px) 100vw, 1024px\" \/><\/figure>\n\n\n\n<h2 class=\"wp-block-heading\" id=\"blog4\">Na co zwr\u00f3ci\u0107 szczeg\u00f3ln\u0105 uwag\u0119 przy wyborze tkanin?<\/h2>\n\n\n\n<p><strong>1.Trwa\u0142o\u015b\u0107 i wytrzyma\u0142o\u015b\u0107:<\/strong>\u00a0Wybierz tkaniny o odpowiedniej trwa\u0142o\u015bci, szczeg\u00f3lnie je\u015bli meble b\u0119d\u0105 intensywnie\u00a0 u\u017cytkowane. Tkaniny takie jak\u00a0mikrofibra, len, bawe\u0142na lub nylon s\u0105 zazwyczaj bardziej odporne na \u015bcieranie i uszkodzenia.\u00a0<\/p>\n\n\n\n<p><strong>2.\u0141atwo\u015b\u0107 w czyszczeniu:<\/strong>\u00a0Je\u015bli masz dzieci, zwierz\u0119ta domowe lub po prostu obawiasz si\u0119 o ewentualne plamy i zabrudzenia, wybierz tkaniny \u0142atwe\u00a0do czyszczenia. Tkaniny odporne na plamy lub ochronione pow\u0142okami antyplamowymi mog\u0105 by\u0107 doskona\u0142ym wyborem.\u00a0<\/p>\n\n\n\n<p><strong>3.Kolor i wz\u00f3r:<\/strong>&nbsp;Wybierz kolor i wz\u00f3r tkaniny, kt\u00f3ry pasuje do twojego wn\u0119trza. Rozwa\u017c, czy chcesz, aby tkanina by\u0142a neutralna i uniwersalna, czy mo\u017ce&nbsp;chcesz doda\u0107 odrobin\u0119 koloru i wzoru do pomieszczenia.&nbsp;<\/p>\n\n\n\n<p><strong>4.Wygoda i przyjemno\u015b\u0107 w dotyku:<\/strong>&nbsp;Sprawd\u017a, jak mi\u0119kka i przyjemna w dotyku jest dana tkanina. Komfort jest istotny, zw\u0142aszcza je\u015bli planujesz sp\u0119dza\u0107 du\u017co czasu na meblach tapicerowanych. Alergeny i materia\u0142y hipoalergiczne: Je\u015bli jeste\u015b alergikiem lub masz alergik\u00f3w w domu, zwr\u00f3\u0107&nbsp;uwag\u0119 na tkaniny hipoalergiczne, kt\u00f3re mog\u0105 pom\u00f3c w zminimalizowaniu reakcji alergicznych.&nbsp;<\/p>\n\n\n\n<p><strong>5.Klimat i otoczenie:<\/strong>&nbsp;Miejsce, w kt\u00f3rym zamierzasz umie\u015bci\u0107 mebel tapicerowany, mo\u017ce wp\u0142yn\u0105\u0107 na wyb\u00f3r tkaniny. Na przyk\u0142ad, w wilgotnych klimatach, tkaniny odporne na ple\u015b\u0144 i wilgo\u0107 mog\u0105 by\u0107 bardziej odpowiednie.&nbsp;<\/p>\n\n\n\n<p><strong>6.Styl dekoracyjny:<\/strong>&nbsp;Upewnij si\u0119, \u017ce wybierasz tkanin\u0119, kt\u00f3ra pasuje do og\u00f3lnego stylu dekoracyjnego Twojego wn\u0119trza. Na przyk\u0142ad,&nbsp;tkaniny naturalne, takie jak len, mog\u0105 pasowa\u0107 do wystroju rustykalnego, podczas gdy aksamit lub welur s\u0105 bardziej luksusowe i eleganckie.&nbsp;<\/p>\n\n\n\n<p><strong>7.Bud\u017cet:<\/strong>&nbsp;Rozwa\u017c, ile jeste\u015b got\u00f3w zainwestowa\u0107 w mebel tapicerowany i wybierz tkanin\u0119, kt\u00f3ra mie\u015bci si\u0119 w Twoim bud\u017cecie.&nbsp;<\/p>\n\n\n\n<p>Przy wyborze tkaniny na obicie mebli, warto tak\u017ce skonsultowa\u0107 si\u0119 z ekspertem od tapicerki lub projektantem wn\u0119trz, kt\u00f3rzy mog\u0105 udzieli\u0107 dodatkowych wskaz\u00f3wek i pom\u00f3c w dokonaniu najlepszego wyboru, uwzgl\u0119dniaj\u0105c indywidualne potrzeby i preferencje.<\/p>\n\n\n\n<figure class=\"wp-block-gallery has-nested-images columns-default is-cropped wp-block-gallery-1 is-layout-flex wp-block-gallery-is-layout-flex\">\n<figure class=\"wp-block-image size-large\"><img loading=\"lazy\" decoding=\"async\" width=\"1024\" height=\"585\" data-id=\"936\" src=\"https:\/\/halomeble.pl\/blog\/wp-content\/uploads\/2025\/04\/zakard_1920x1920-1024x585.jpg\" alt=\"\" class=\"wp-image-936\" srcset=\"http:\/\/halomeble.pl\/blog\/wp-content\/uploads\/2025\/04\/zakard_1920x1920-1024x585.jpg 1024w, http:\/\/halomeble.pl\/blog\/wp-content\/uploads\/2025\/04\/zakard_1920x1920-300x171.jpg 300w, http:\/\/halomeble.pl\/blog\/wp-content\/uploads\/2025\/04\/zakard_1920x1920-768x439.jpg 768w, http:\/\/halomeble.pl\/blog\/wp-content\/uploads\/2025\/04\/zakard_1920x1920.jpg 1500w\" sizes=\"auto, (max-width: 1024px) 100vw, 1024px\" \/><\/figure>\n\n\n\n<figure class=\"wp-block-image size-large\"><img loading=\"lazy\" decoding=\"async\" width=\"1024\" height=\"683\" data-id=\"937\" src=\"https:\/\/halomeble.pl\/blog\/wp-content\/uploads\/2025\/04\/welur_1920x1920-1024x683.jpg\" alt=\"\" class=\"wp-image-937\" srcset=\"http:\/\/halomeble.pl\/blog\/wp-content\/uploads\/2025\/04\/welur_1920x1920-1024x683.jpg 1024w, http:\/\/halomeble.pl\/blog\/wp-content\/uploads\/2025\/04\/welur_1920x1920-300x200.jpg 300w, http:\/\/halomeble.pl\/blog\/wp-content\/uploads\/2025\/04\/welur_1920x1920-768x512.jpg 768w, http:\/\/halomeble.pl\/blog\/wp-content\/uploads\/2025\/04\/welur_1920x1920.jpg 1500w\" sizes=\"auto, (max-width: 1024px) 100vw, 1024px\" \/><\/figure>\n\n\n\n<figure class=\"wp-block-image size-large\"><img loading=\"lazy\" decoding=\"async\" width=\"656\" height=\"522\" data-id=\"938\" src=\"https:\/\/halomeble.pl\/blog\/wp-content\/uploads\/2025\/04\/sztruks_1920x1920.jpg\" alt=\"\" class=\"wp-image-938\" srcset=\"http:\/\/halomeble.pl\/blog\/wp-content\/uploads\/2025\/04\/sztruks_1920x1920.jpg 656w, http:\/\/halomeble.pl\/blog\/wp-content\/uploads\/2025\/04\/sztruks_1920x1920-300x239.jpg 300w\" sizes=\"auto, (max-width: 656px) 100vw, 656px\" \/><\/figure>\n<\/figure>\n","protected":false},"excerpt":{"rendered":"<p>Meble tapicerowane\u00a0ciesz\u0105 si\u0119 ogromn\u0105 popularno\u015bci\u0105 i s\u0105 cz\u0119sto wybierane przez klient\u00f3w. Dzi\u0119ki eleganckiej i starannie dobranej&#8230;<\/p>\n","protected":false},"author":1,"featured_media":934,"comment_status":"open","ping_status":"open","sticky":false,"template":"","format":"standard","meta":{"inline_featured_image":false,"_kadence_starter_templates_imported_post":false,"_kad_post_transparent":"","_kad_post_title":"","_kad_post_layout":"","_kad_post_sidebar_id":"","_kad_post_content_style":"","_kad_post_vertical_padding":"","_kad_post_feature":"","_kad_post_feature_position":"","_kad_post_header":false,"_kad_post_footer":false,"footnotes":""},"categories":[16],"tags":[],"class_list":["post-933","post","type-post","status-publish","format-standard","has-post-thumbnail","hentry","category-design"],"yoast_head":"<!-- This site is optimized with the Yoast SEO plugin v25.1 - https:\/\/yoast.com\/wordpress\/plugins\/seo\/ -->\n<title>Jaki materia\u0142 obiciowy wybra\u0107 do wymarzonego wn\u0119trza? | Halo Meble<\/title>\n<meta name=\"description\" content=\"Halo Meble \u27a4 Jaki materia\u0142 obiciowy wybra\u0107 do wymarzonego wn\u0119trza? \u2b50 Czytaj!\" \/>\n<meta name=\"robots\" content=\"index, follow, max-snippet:-1, max-image-preview:large, max-video-preview:-1\" \/>\n<link rel=\"canonical\" href=\"http:\/\/halomeble.pl\/blog\/jaki-material-obiciowy-wybrac-do-wymarzonego-wnetrza\/\" \/>\n<meta property=\"og:locale\" content=\"pl_PL\" \/>\n<meta property=\"og:type\" content=\"article\" \/>\n<meta property=\"og:title\" content=\"Jaki materia\u0142 obiciowy wybra\u0107 do wymarzonego wn\u0119trza? | Halo Meble\" \/>\n<meta property=\"og:description\" content=\"Halo Meble \u27a4 Jaki materia\u0142 obiciowy wybra\u0107 do wymarzonego wn\u0119trza? \u2b50 Czytaj!\" \/>\n<meta property=\"og:url\" content=\"http:\/\/halomeble.pl\/blog\/jaki-material-obiciowy-wybrac-do-wymarzonego-wnetrza\/\" \/>\n<meta property=\"og:site_name\" content=\"Halo Meble\" \/>\n<meta property=\"article:publisher\" content=\"https:\/\/www.facebook.com\/halomeblePL\/?locale=pl_PL\" \/>\n<meta property=\"article:published_time\" content=\"2025-04-30T11:32:33+00:00\" \/>\n<meta property=\"article:modified_time\" content=\"2025-04-30T11:32:34+00:00\" \/>\n<meta property=\"og:image\" content=\"http:\/\/halomeble.pl\/blog\/wp-content\/uploads\/2025\/04\/BLOGTAKNINY123233_1920x1920.jpg\" \/>\n\t<meta property=\"og:image:width\" content=\"1920\" \/>\n\t<meta property=\"og:image:height\" content=\"616\" \/>\n\t<meta property=\"og:image:type\" content=\"image\/jpeg\" \/>\n<meta name=\"author\" content=\"kfx_admin\" \/>\n<meta name=\"twitter:card\" content=\"summary_large_image\" \/>\n<meta name=\"twitter:label1\" content=\"Napisane przez\" \/>\n\t<meta name=\"twitter:data1\" content=\"halomeble\" \/>\n\t<meta name=\"twitter:label2\" content=\"Szacowany czas czytania\" \/>\n\t<meta name=\"twitter:data2\" content=\"5 minut\" \/>\n<script type=\"application\/ld+json\" class=\"yoast-schema-graph\">{\"@context\":\"https:\/\/schema.org\",\"@graph\":[{\"@type\":\"Article\",\"@id\":\"http:\/\/halomeble.pl\/blog\/jaki-material-obiciowy-wybrac-do-wymarzonego-wnetrza\/#article\",\"isPartOf\":{\"@id\":\"http:\/\/halomeble.pl\/blog\/jaki-material-obiciowy-wybrac-do-wymarzonego-wnetrza\/\"},\"author\":{\"name\":\"kfx_admin\",\"@id\":\"https:\/\/halomeble.pl\/blog\/#\/schema\/person\/83d45cc57c51780d450978eca502031e\"},\"headline\":\"Jaki materia\u0142 obiciowy wybra\u0107 do wymarzonego wn\u0119trza?\",\"datePublished\":\"2025-04-30T11:32:33+00:00\",\"dateModified\":\"2025-04-30T11:32:34+00:00\",\"mainEntityOfPage\":{\"@id\":\"http:\/\/halomeble.pl\/blog\/jaki-material-obiciowy-wybrac-do-wymarzonego-wnetrza\/\"},\"wordCount\":701,\"commentCount\":0,\"publisher\":{\"@id\":\"https:\/\/halomeble.pl\/blog\/#organization\"},\"image\":{\"@id\":\"http:\/\/halomeble.pl\/blog\/jaki-material-obiciowy-wybrac-do-wymarzonego-wnetrza\/#primaryimage\"},\"thumbnailUrl\":\"http:\/\/halomeble.pl\/blog\/wp-content\/uploads\/2025\/04\/BLOGTAKNINY123233_1920x1920.jpg\",\"articleSection\":[\"Design\"],\"inLanguage\":\"pl-PL\",\"potentialAction\":[{\"@type\":\"CommentAction\",\"name\":\"Comment\",\"target\":[\"http:\/\/halomeble.pl\/blog\/jaki-material-obiciowy-wybrac-do-wymarzonego-wnetrza\/#respond\"]}]},{\"@type\":\"WebPage\",\"@id\":\"http:\/\/halomeble.pl\/blog\/jaki-material-obiciowy-wybrac-do-wymarzonego-wnetrza\/\",\"url\":\"http:\/\/halomeble.pl\/blog\/jaki-material-obiciowy-wybrac-do-wymarzonego-wnetrza\/\",\"name\":\"Jaki materia\u0142 obiciowy wybra\u0107 do wymarzonego wn\u0119trza? | Halo Meble\",\"isPartOf\":{\"@id\":\"https:\/\/halomeble.pl\/blog\/#website\"},\"primaryImageOfPage\":{\"@id\":\"http:\/\/halomeble.pl\/blog\/jaki-material-obiciowy-wybrac-do-wymarzonego-wnetrza\/#primaryimage\"},\"image\":{\"@id\":\"http:\/\/halomeble.pl\/blog\/jaki-material-obiciowy-wybrac-do-wymarzonego-wnetrza\/#primaryimage\"},\"thumbnailUrl\":\"http:\/\/halomeble.pl\/blog\/wp-content\/uploads\/2025\/04\/BLOGTAKNINY123233_1920x1920.jpg\",\"datePublished\":\"2025-04-30T11:32:33+00:00\",\"dateModified\":\"2025-04-30T11:32:34+00:00\",\"description\":\"Halo Meble \u27a4 Jaki materia\u0142 obiciowy wybra\u0107 do wymarzonego wn\u0119trza? \u2b50 Czytaj!\",\"breadcrumb\":{\"@id\":\"http:\/\/halomeble.pl\/blog\/jaki-material-obiciowy-wybrac-do-wymarzonego-wnetrza\/#breadcrumb\"},\"inLanguage\":\"pl-PL\",\"potentialAction\":[{\"@type\":\"ReadAction\",\"target\":[\"http:\/\/halomeble.pl\/blog\/jaki-material-obiciowy-wybrac-do-wymarzonego-wnetrza\/\"]}]},{\"@type\":\"ImageObject\",\"inLanguage\":\"pl-PL\",\"@id\":\"http:\/\/halomeble.pl\/blog\/jaki-material-obiciowy-wybrac-do-wymarzonego-wnetrza\/#primaryimage\",\"url\":\"http:\/\/halomeble.pl\/blog\/wp-content\/uploads\/2025\/04\/BLOGTAKNINY123233_1920x1920.jpg\",\"contentUrl\":\"http:\/\/halomeble.pl\/blog\/wp-content\/uploads\/2025\/04\/BLOGTAKNINY123233_1920x1920.jpg\",\"width\":1920,\"height\":616},{\"@type\":\"BreadcrumbList\",\"@id\":\"http:\/\/halomeble.pl\/blog\/jaki-material-obiciowy-wybrac-do-wymarzonego-wnetrza\/#breadcrumb\",\"itemListElement\":[{\"@type\":\"ListItem\",\"position\":1,\"name\":\"Strona g\u0142\u00f3wna\",\"item\":\"https:\/\/halomeble.pl\/blog\/\"},{\"@type\":\"ListItem\",\"position\":2,\"name\":\"Jaki materia\u0142 obiciowy wybra\u0107 do wymarzonego wn\u0119trza?\"}]},{\"@type\":\"WebSite\",\"@id\":\"https:\/\/halomeble.pl\/blog\/#website\",\"url\":\"https:\/\/halomeble.pl\/blog\/\",\"name\":\"Halo Meble\",\"description\":\"\",\"publisher\":{\"@id\":\"https:\/\/halomeble.pl\/blog\/#organization\"},\"potentialAction\":[{\"@type\":\"SearchAction\",\"target\":{\"@type\":\"EntryPoint\",\"urlTemplate\":\"https:\/\/halomeble.pl\/blog\/?s={search_term_string}\"},\"query-input\":{\"@type\":\"PropertyValueSpecification\",\"valueRequired\":true,\"valueName\":\"search_term_string\"}}],\"inLanguage\":\"pl-PL\"},{\"@type\":\"Organization\",\"@id\":\"https:\/\/halomeble.pl\/blog\/#organization\",\"name\":\"Halomeble\",\"url\":\"https:\/\/halomeble.pl\/blog\/\",\"logo\":{\"@type\":\"ImageObject\",\"inLanguage\":\"pl-PL\",\"@id\":\"https:\/\/halomeble.pl\/blog\/#\/schema\/logo\/image\/\",\"url\":\"http:\/\/halomeble.pl\/blog\/wp-content\/uploads\/2025\/04\/halomeble-logo.svg\",\"contentUrl\":\"http:\/\/halomeble.pl\/blog\/wp-content\/uploads\/2025\/04\/halomeble-logo.svg\",\"width\":201,\"height\":26,\"caption\":\"Halomeble\"},\"image\":{\"@id\":\"https:\/\/halomeble.pl\/blog\/#\/schema\/logo\/image\/\"},\"sameAs\":[\"https:\/\/www.facebook.com\/halomeblePL\/?locale=pl_PL\",\"https:\/\/www.instagram.com\/halomeble\/\",\"https:\/\/pl.pinterest.com\/search\/pins\/?q=halomeble&rs=typed\",\"https:\/\/www.tiktok.com\/@halomeble\"]},{\"@type\":\"Person\",\"@id\":\"https:\/\/halomeble.pl\/blog\/#\/schema\/person\/83d45cc57c51780d450978eca502031e\",\"name\":\"kfx_admin\",\"image\":{\"@type\":\"ImageObject\",\"inLanguage\":\"pl-PL\",\"@id\":\"https:\/\/halomeble.pl\/blog\/#\/schema\/person\/image\/\",\"url\":\"https:\/\/secure.gravatar.com\/avatar\/125fb1ebad8c326c54fd362291884bc0d91df63acf9bfe100540c000cc95d7d3?s=96&d=mm&r=g\",\"contentUrl\":\"https:\/\/secure.gravatar.com\/avatar\/125fb1ebad8c326c54fd362291884bc0d91df63acf9bfe100540c000cc95d7d3?s=96&d=mm&r=g\",\"caption\":\"kfx_admin\"},\"sameAs\":[\"http:\/\/halomeble.pl\/blog\"]}]}<\/script>\n<!-- \/ Yoast SEO plugin. -->","yoast_head_json":{"title":"Jaki materia\u0142 obiciowy wybra\u0107 do wymarzonego wn\u0119trza? | Halo Meble","description":"Halo Meble \u27a4 Jaki materia\u0142 obiciowy wybra\u0107 do wymarzonego wn\u0119trza? \u2b50 Czytaj!","robots":{"index":"index","follow":"follow","max-snippet":"max-snippet:-1","max-image-preview":"max-image-preview:large","max-video-preview":"max-video-preview:-1"},"canonical":"http:\/\/halomeble.pl\/blog\/jaki-material-obiciowy-wybrac-do-wymarzonego-wnetrza\/","og_locale":"pl_PL","og_type":"article","og_title":"Jaki materia\u0142 obiciowy wybra\u0107 do wymarzonego wn\u0119trza? | Halo Meble","og_description":"Halo Meble \u27a4 Jaki materia\u0142 obiciowy wybra\u0107 do wymarzonego wn\u0119trza? \u2b50 Czytaj!","og_url":"http:\/\/halomeble.pl\/blog\/jaki-material-obiciowy-wybrac-do-wymarzonego-wnetrza\/","og_site_name":"Halo Meble","article_publisher":"https:\/\/www.facebook.com\/halomeblePL\/?locale=pl_PL","article_published_time":"2025-04-30T11:32:33+00:00","article_modified_time":"2025-04-30T11:32:34+00:00","og_image":[{"width":1920,"height":616,"url":"http:\/\/halomeble.pl\/blog\/wp-content\/uploads\/2025\/04\/BLOGTAKNINY123233_1920x1920.jpg","type":"image\/jpeg"}],"author":"kfx_admin","twitter_card":"summary_large_image","twitter_misc":{"Napisane przez":"halomeble","Szacowany czas czytania":"5 minut"},"schema":{"@context":"https:\/\/schema.org","@graph":[{"@type":"Article","@id":"http:\/\/halomeble.pl\/blog\/jaki-material-obiciowy-wybrac-do-wymarzonego-wnetrza\/#article","isPartOf":{"@id":"http:\/\/halomeble.pl\/blog\/jaki-material-obiciowy-wybrac-do-wymarzonego-wnetrza\/"},"author":{"name":"kfx_admin","@id":"https:\/\/halomeble.pl\/blog\/#\/schema\/person\/83d45cc57c51780d450978eca502031e"},"headline":"Jaki materia\u0142 obiciowy wybra\u0107 do wymarzonego wn\u0119trza?","datePublished":"2025-04-30T11:32:33+00:00","dateModified":"2025-04-30T11:32:34+00:00","mainEntityOfPage":{"@id":"http:\/\/halomeble.pl\/blog\/jaki-material-obiciowy-wybrac-do-wymarzonego-wnetrza\/"},"wordCount":701,"commentCount":0,"publisher":{"@id":"https:\/\/halomeble.pl\/blog\/#organization"},"image":{"@id":"http:\/\/halomeble.pl\/blog\/jaki-material-obiciowy-wybrac-do-wymarzonego-wnetrza\/#primaryimage"},"thumbnailUrl":"http:\/\/halomeble.pl\/blog\/wp-content\/uploads\/2025\/04\/BLOGTAKNINY123233_1920x1920.jpg","articleSection":["Design"],"inLanguage":"pl-PL","potentialAction":[{"@type":"CommentAction","name":"Comment","target":["http:\/\/halomeble.pl\/blog\/jaki-material-obiciowy-wybrac-do-wymarzonego-wnetrza\/#respond"]}]},{"@type":"WebPage","@id":"http:\/\/halomeble.pl\/blog\/jaki-material-obiciowy-wybrac-do-wymarzonego-wnetrza\/","url":"http:\/\/halomeble.pl\/blog\/jaki-material-obiciowy-wybrac-do-wymarzonego-wnetrza\/","name":"Jaki materia\u0142 obiciowy wybra\u0107 do wymarzonego wn\u0119trza? | Halo Meble","isPartOf":{"@id":"https:\/\/halomeble.pl\/blog\/#website"},"primaryImageOfPage":{"@id":"http:\/\/halomeble.pl\/blog\/jaki-material-obiciowy-wybrac-do-wymarzonego-wnetrza\/#primaryimage"},"image":{"@id":"http:\/\/halomeble.pl\/blog\/jaki-material-obiciowy-wybrac-do-wymarzonego-wnetrza\/#primaryimage"},"thumbnailUrl":"http:\/\/halomeble.pl\/blog\/wp-content\/uploads\/2025\/04\/BLOGTAKNINY123233_1920x1920.jpg","datePublished":"2025-04-30T11:32:33+00:00","dateModified":"2025-04-30T11:32:34+00:00","description":"Halo Meble \u27a4 Jaki materia\u0142 obiciowy wybra\u0107 do wymarzonego wn\u0119trza? \u2b50 Czytaj!","breadcrumb":{"@id":"http:\/\/halomeble.pl\/blog\/jaki-material-obiciowy-wybrac-do-wymarzonego-wnetrza\/#breadcrumb"},"inLanguage":"pl-PL","potentialAction":[{"@type":"ReadAction","target":["http:\/\/halomeble.pl\/blog\/jaki-material-obiciowy-wybrac-do-wymarzonego-wnetrza\/"]}]},{"@type":"ImageObject","inLanguage":"pl-PL","@id":"http:\/\/halomeble.pl\/blog\/jaki-material-obiciowy-wybrac-do-wymarzonego-wnetrza\/#primaryimage","url":"http:\/\/halomeble.pl\/blog\/wp-content\/uploads\/2025\/04\/BLOGTAKNINY123233_1920x1920.jpg","contentUrl":"http:\/\/halomeble.pl\/blog\/wp-content\/uploads\/2025\/04\/BLOGTAKNINY123233_1920x1920.jpg","width":1920,"height":616},{"@type":"BreadcrumbList","@id":"http:\/\/halomeble.pl\/blog\/jaki-material-obiciowy-wybrac-do-wymarzonego-wnetrza\/#breadcrumb","itemListElement":[{"@type":"ListItem","position":1,"name":"Strona g\u0142\u00f3wna","item":"https:\/\/halomeble.pl\/blog\/"},{"@type":"ListItem","position":2,"name":"Jaki materia\u0142 obiciowy wybra\u0107 do wymarzonego wn\u0119trza?"}]},{"@type":"WebSite","@id":"https:\/\/halomeble.pl\/blog\/#website","url":"https:\/\/halomeble.pl\/blog\/","name":"Halo Meble","description":"","publisher":{"@id":"https:\/\/halomeble.pl\/blog\/#organization"},"potentialAction":[{"@type":"SearchAction","target":{"@type":"EntryPoint","urlTemplate":"https:\/\/halomeble.pl\/blog\/?s={search_term_string}"},"query-input":{"@type":"PropertyValueSpecification","valueRequired":true,"valueName":"search_term_string"}}],"inLanguage":"pl-PL"},{"@type":"Organization","@id":"https:\/\/halomeble.pl\/blog\/#organization","name":"Halomeble","url":"https:\/\/halomeble.pl\/blog\/","logo":{"@type":"ImageObject","inLanguage":"pl-PL","@id":"https:\/\/halomeble.pl\/blog\/#\/schema\/logo\/image\/","url":"http:\/\/halomeble.pl\/blog\/wp-content\/uploads\/2025\/04\/halomeble-logo.svg","contentUrl":"http:\/\/halomeble.pl\/blog\/wp-content\/uploads\/2025\/04\/halomeble-logo.svg","width":201,"height":26,"caption":"Halomeble"},"image":{"@id":"https:\/\/halomeble.pl\/blog\/#\/schema\/logo\/image\/"},"sameAs":["https:\/\/www.facebook.com\/halomeblePL\/?locale=pl_PL","https:\/\/www.instagram.com\/halomeble\/","https:\/\/pl.pinterest.com\/search\/pins\/?q=halomeble&rs=typed","https:\/\/www.tiktok.com\/@halomeble"]},{"@type":"Person","@id":"https:\/\/halomeble.pl\/blog\/#\/schema\/person\/83d45cc57c51780d450978eca502031e","name":"kfx_admin","image":{"@type":"ImageObject","inLanguage":"pl-PL","@id":"https:\/\/halomeble.pl\/blog\/#\/schema\/person\/image\/","url":"https:\/\/secure.gravatar.com\/avatar\/125fb1ebad8c326c54fd362291884bc0d91df63acf9bfe100540c000cc95d7d3?s=96&d=mm&r=g","contentUrl":"https:\/\/secure.gravatar.com\/avatar\/125fb1ebad8c326c54fd362291884bc0d91df63acf9bfe100540c000cc95d7d3?s=96&d=mm&r=g","caption":"kfx_admin"},"sameAs":["http:\/\/halomeble.pl\/blog"]}]}},"_links":{"self":[{"href":"http:\/\/halomeble.pl\/blog\/wp-json\/wp\/v2\/posts\/933","targetHints":{"allow":["GET"]}}],"collection":[{"href":"http:\/\/halomeble.pl\/blog\/wp-json\/wp\/v2\/posts"}],"about":[{"href":"http:\/\/halomeble.pl\/blog\/wp-json\/wp\/v2\/types\/post"}],"author":[{"embeddable":true,"href":"http:\/\/halomeble.pl\/blog\/wp-json\/wp\/v2\/users\/1"}],"replies":[{"embeddable":true,"href":"http:\/\/halomeble.pl\/blog\/wp-json\/wp\/v2\/comments?post=933"}],"version-history":[{"count":1,"href":"http:\/\/halomeble.pl\/blog\/wp-json\/wp\/v2\/posts\/933\/revisions"}],"predecessor-version":[{"id":939,"href":"http:\/\/halomeble.pl\/blog\/wp-json\/wp\/v2\/posts\/933\/revisions\/939"}],"wp:featuredmedia":[{"embeddable":true,"href":"http:\/\/halomeble.pl\/blog\/wp-json\/wp\/v2\/media\/934"}],"wp:attachment":[{"href":"http:\/\/halomeble.pl\/blog\/wp-json\/wp\/v2\/media?parent=933"}],"wp:term":[{"taxonomy":"category","embeddable":true,"href":"http:\/\/halomeble.pl\/blog\/wp-json\/wp\/v2\/categories?post=933"},{"taxonomy":"post_tag","embeddable":true,"href":"http:\/\/halomeble.pl\/blog\/wp-json\/wp\/v2\/tags?post=933"}],"curies":[{"name":"wp","href":"https:\/\/api.w.org\/{rel}","templated":true}]}}