{"id":1024,"date":"2025-09-01T15:08:28","date_gmt":"2025-09-01T13:08:28","guid":{"rendered":"https:\/\/halomeble.pl\/blog\/?p=1024"},"modified":"2025-09-22T15:09:37","modified_gmt":"2025-09-22T13:09:37","slug":"przeglad-modnych-krzesel-do-salonu","status":"publish","type":"post","link":"https:\/\/halomeble.pl\/blog\/przeglad-modnych-krzesel-do-salonu\/","title":{"rendered":"Przegl\u0105d modnych krzese\u0142 do Salonu"},"content":{"rendered":"\n<p>Modne krzes\u0142a do salonu to nie tylko wygodne siedziska, ale r\u00f3wnie\u017c element wystroju, kt\u00f3ry potrafi ca\u0142kowicie odmieni\u0107 charakter wn\u0119trza. W dzisiejszych aran\u017cacjach meble te \u0142\u0105cz\u0105 funkcjonalno\u015b\u0107 z designem, tworz\u0105c sp\u00f3jn\u0105 i stylow\u0105 przestrze\u0144. Wybieraj\u0105c modne krzes\u0142a do jadalni, kt\u00f3ra cz\u0119sto stanowi integraln\u0105 cz\u0119\u015b\u0107 salonu z aneksem, warto zwr\u00f3ci\u0107 uwag\u0119 na ich form\u0119, kolorystyk\u0119 oraz materia\u0142y wykonania. Dobrze dobrane modele <strong>mog\u0105 podkre\u015bli\u0107 charakter pomieszczenia, a przy tym zapewni\u0107 komfort codziennego u\u017cytkowania<\/strong>. Sprawd\u017a, jakie s\u0105 modne krzes\u0142a do salonu!<\/p>\n\n\n\n<p>Spis tre\u015bci:<\/p>\n\n\n\n<ul class=\"wp-block-list\">\n<li><a href=\"#modne-krzesla-do-salonu-przeglad-trendow\">Modne krzes\u0142a do salonu \u2013 przegl\u0105d trend\u00f3w<\/a><\/li>\n\n\n\n<li><a href=\"#modne-stoly-i-krzesla-do-jadalni-jak-stworzyc-duet-idealny\">Modne sto\u0142y i krzes\u0142a do jadalni \u2013 jak stworzy\u0107 duet idealny?<\/a><\/li>\n\n\n\n<li><a href=\"#modne-krzesla-do-jadalni-i-salonu-podsumowanie\">Modne krzes\u0142a do jadalni i salonu \u2013 podsumowanie<\/a><\/li>\n<\/ul>\n\n\n\n<h2 class=\"wp-block-heading\" id=\"modne-krzesla-do-salonu-przeglad-trendow\">Modne krzes\u0142a do salonu \u2013 przegl\u0105d trend\u00f3w<\/h2>\n\n\n\n<p>Zastanawiasz si\u0119, jakie s\u0105 teraz modne krzes\u0142a do salonu? Wn\u0119trzarskie trendy stawiaj\u0105 obecnie na po\u0142\u0105czenie estetyki i wygody. W\u015br\u00f3d najpopularniejszych modeli <strong>kr\u00f3luj\u0105 formy o mi\u0119kkich, op\u0142ywowych kszta\u0142tach, tapicerowane tkaninami o wyra\u017anej fakturze<\/strong>, takimi jak boucle czy welur. Du\u017ce znaczenie maj\u0105 tak\u017ce naturalne materia\u0142y, w tym drewno, kt\u00f3re ocieplaj\u0105 aran\u017cacj\u0119. Je\u015bli szukasz harmonii i minimalizmu, \u015bwietnym wyborem b\u0119d\u0105 <a href=\"\/style\/styl-japandi\/\">krzes\u0142a w stylu japandi<\/a>, kt\u00f3re pasuj\u0105 zar\u00f3wno do strefy wypoczynkowej, jak i jadalnianej cz\u0119\u015bci salonu. Coraz wi\u0119ksz\u0105 popularno\u015b\u0107 zyskuj\u0105 r\u00f3wnie\u017c obszerne <a href=\"\/meble\/krzesla\/krzesla-fotelowe\/\">krzes\u0142a fotelowe<\/a>, idealne do wi\u0119kszych przestrzeni.<\/p>\n\n\n\n<h2 class=\"wp-block-heading\" id=\"modne-stoly-i-krzesla-do-jadalni-jak-stworzyc-duet-idealny\">Modne sto\u0142y i krzes\u0142a do jadalni \u2013 jak stworzy\u0107 duet idealny?<\/h2>\n\n\n\n<p>W nowoczesnych aran\u017cacjach stawia si\u0119 na modne sto\u0142y i krzes\u0142a do jadalni, kt\u00f3re tworz\u0105 sp\u00f3jn\u0105, przemy\u015blan\u0105 ca\u0142o\u015b\u0107. Dzi\u0119ki temu przestrze\u0144 zyskuje elegancki i uporz\u0105dkowany charakter, a meble staj\u0105 si\u0119 efektown\u0105 dekoracj\u0105. W przypadku otwartych wn\u0119trz <strong>wa\u017cne jest, by modne sto\u0142y i krzes\u0142a do salonu harmonizowa\u0142y z reszt\u0105 wyposa\u017cenia<\/strong> \u2013 sof\u0105, komod\u0105 czy o\u015bwietleniem. Materia\u0142y odgrywaj\u0105 tu kluczow\u0105 rol\u0119: drewno wprowadza ciep\u0142o, metal dodaje nowoczesno\u015bci, a mi\u0119kkie tkaniny zapewniaj\u0105 wygod\u0119. Warto rozwa\u017cy\u0107 <a href=\"\/meble\/krzesla\/krzesla-tapicerowane\/\">krzes\u0142a tapicerowane<\/a>, kt\u00f3re \u0142\u0105cz\u0105 komfort siedzenia z szerok\u0105 gam\u0105 kolor\u00f3w i materia\u0142\u00f3w.<\/p>\n\n\n\n<p>Dob\u00f3r zestawu powinien opiera\u0107 si\u0119 nie tylko na estetyce, ale te\u017c na praktycznych aspektach u\u017cytkowania. Je\u015bli zastanawiasz si\u0119, jakie s\u0105 teraz modne krzes\u0142a do salonu, wiele os\u00f3b wybiera modele o prostych, ale dopracowanych liniach. <strong>Modne sto\u0142y i krzes\u0142a do jadalni cz\u0119sto bazuj\u0105 na naturalnych materia\u0142ach<\/strong>, kt\u00f3re sprawdzaj\u0105 si\u0119 w codziennym u\u017cytkowaniu i starzej\u0105 si\u0119 z klas\u0105. \u015awietnym przyk\u0142adem s\u0105 <a href=\"\/meble\/krzesla\/krzesla-drewniane\/\">krzes\u0142a drewniane<\/a>, kt\u00f3re mo\u017cna \u0142atwo dopasowa\u0107 do r\u00f3\u017cnych typ\u00f3w blat\u00f3w. W dobrze zaprojektowanym wn\u0119trzu modne sto\u0142y i krzes\u0142a do salonu tworz\u0105 duet, kt\u00f3ry \u0142\u0105czy funkcjonalno\u015b\u0107 z ponadczasowym designem, zapewniaj\u0105c wygod\u0119 i estetyk\u0119 na lata.<\/p>\n\n\n\n<h2 class=\"wp-block-heading\" id=\"modne-krzesla-do-jadalni-i-salonu-podsumowanie\">Modne krzes\u0142a do jadalni i salonu \u2013 podsumowanie<\/h2>\n\n\n\n<p>Wybieraj\u0105c modne krzes\u0142a do salonu, warto my\u015ble\u0107 o nich nie tylko jako o miejscach do siedzenia, ale te\u017c o wa\u017cnym elemencie aran\u017cacji, kt\u00f3ry wp\u0142ywa na odbi\u00f3r ca\u0142ego wn\u0119trza. Je\u015bli zastanawiasz si\u0119, jakie s\u0105 modne krzes\u0142a do salonu, obecne trendy stawiaj\u0105 na modele \u0142\u0105cz\u0105ce prostot\u0119 z wygod\u0105 \u2013 od tapicerowanych siedzisk w neutralnych barwach po lekkie konstrukcje drewniane. R\u00f3wnie istotnym jak modne krzes\u0142a do jadalni s\u0105 sto\u0142y, kt\u00f3re w otwartych przestrzeniach powinny stylistycznie wsp\u00f3\u0142gra\u0107 z reszt\u0105 wyposa\u017cenia. Sprawd\u017a nasz\u0105 ofert\u0119 i <strong>zam\u00f3w modne meble do swojego wn\u0119trza!<\/strong><\/p>\n","protected":false},"excerpt":{"rendered":"<p>Modne krzes\u0142a do salonu to nie tylko wygodne siedziska, ale r\u00f3wnie\u017c element wystroju, kt\u00f3ry potrafi ca\u0142kowicie&#8230;<\/p>\n","protected":false},"author":4,"featured_media":1025,"comment_status":"open","ping_status":"open","sticky":false,"template":"","format":"standard","meta":{"inline_featured_image":false,"_kadence_starter_templates_imported_post":false,"_kad_post_transparent":"","_kad_post_title":"","_kad_post_layout":"","_kad_post_sidebar_id":"","_kad_post_content_style":"","_kad_post_vertical_padding":"","_kad_post_feature":"","_kad_post_feature_position":"","_kad_post_header":false,"_kad_post_footer":false,"footnotes":""},"categories":[1],"tags":[],"class_list":["post-1024","post","type-post","status-publish","format-standard","has-post-thumbnail","hentry","category-bez-kategorii"],"yoast_head":"<!-- This site is optimized with the Yoast SEO plugin v25.1 - https:\/\/yoast.com\/wordpress\/plugins\/seo\/ -->\n<title>Jakie S\u0105 Modne Krzes\u0142a do Salonu? - Przegl\u0105d Sto\u0142\u00f3w i Krzese\u0142 | Halo Meble<\/title>\n<meta name=\"description\" content=\"Halo Meble \u27a4 Zobacz, jakie krzes\u0142a i sto\u0142y s\u0105 modne w salonie w 2025 roku! \u2728 Inspiracje, trendy i praktyczne porady. \u2728 Sprawd\u017a nasz przegl\u0105d i wybierz idealny zestaw!\" \/>\n<meta name=\"robots\" content=\"index, follow, max-snippet:-1, max-image-preview:large, max-video-preview:-1\" \/>\n<link rel=\"canonical\" href=\"https:\/\/halomeble.pl\/blog\/przeglad-modnych-krzesel-do-salonu\/\" \/>\n<meta property=\"og:locale\" content=\"pl_PL\" \/>\n<meta property=\"og:type\" content=\"article\" \/>\n<meta property=\"og:title\" content=\"Jakie S\u0105 Modne Krzes\u0142a do Salonu? - Przegl\u0105d Sto\u0142\u00f3w i Krzese\u0142 | Halo Meble\" \/>\n<meta property=\"og:description\" content=\"Halo Meble \u27a4 Zobacz, jakie krzes\u0142a i sto\u0142y s\u0105 modne w salonie w 2025 roku! \u2728 Inspiracje, trendy i praktyczne porady. \u2728 Sprawd\u017a nasz przegl\u0105d i wybierz idealny zestaw!\" \/>\n<meta property=\"og:url\" content=\"https:\/\/halomeble.pl\/blog\/przeglad-modnych-krzesel-do-salonu\/\" \/>\n<meta property=\"og:site_name\" content=\"Halo Meble\" \/>\n<meta property=\"article:publisher\" content=\"https:\/\/www.facebook.com\/halomeblePL\/?locale=pl_PL\" \/>\n<meta property=\"article:published_time\" content=\"2025-09-01T13:08:28+00:00\" \/>\n<meta property=\"article:modified_time\" content=\"2025-09-22T13:09:37+00:00\" \/>\n<meta property=\"og:image\" content=\"https:\/\/halomeble.pl\/blog\/wp-content\/uploads\/2025\/09\/2150378910.jpg\" \/>\n\t<meta property=\"og:image:width\" content=\"1500\" \/>\n\t<meta property=\"og:image:height\" content=\"1000\" \/>\n\t<meta property=\"og:image:type\" content=\"image\/jpeg\" \/>\n<meta name=\"author\" content=\"Karol\" \/>\n<meta name=\"twitter:card\" content=\"summary_large_image\" \/>\n<meta name=\"twitter:label1\" content=\"Napisane przez\" \/>\n\t<meta name=\"twitter:data1\" content=\"halomeble\" \/>\n\t<meta name=\"twitter:label2\" content=\"Szacowany czas czytania\" \/>\n\t<meta name=\"twitter:data2\" content=\"4 minuty\" \/>\n<script type=\"application\/ld+json\" class=\"yoast-schema-graph\">{\"@context\":\"https:\/\/schema.org\",\"@graph\":[{\"@type\":\"Article\",\"@id\":\"https:\/\/halomeble.pl\/blog\/przeglad-modnych-krzesel-do-salonu\/#article\",\"isPartOf\":{\"@id\":\"https:\/\/halomeble.pl\/blog\/przeglad-modnych-krzesel-do-salonu\/\"},\"author\":{\"name\":\"Karol\",\"@id\":\"https:\/\/halomeble.pl\/blog\/#\/schema\/person\/baadcde197f1c742baf96e9f5b7fddec\"},\"headline\":\"Przegl\u0105d modnych krzese\u0142 do Salonu\",\"datePublished\":\"2025-09-01T13:08:28+00:00\",\"dateModified\":\"2025-09-22T13:09:37+00:00\",\"mainEntityOfPage\":{\"@id\":\"https:\/\/halomeble.pl\/blog\/przeglad-modnych-krzesel-do-salonu\/\"},\"wordCount\":599,\"commentCount\":0,\"publisher\":{\"@id\":\"https:\/\/halomeble.pl\/blog\/#organization\"},\"image\":{\"@id\":\"https:\/\/halomeble.pl\/blog\/przeglad-modnych-krzesel-do-salonu\/#primaryimage\"},\"thumbnailUrl\":\"https:\/\/halomeble.pl\/blog\/wp-content\/uploads\/2025\/09\/2150378910.jpg\",\"inLanguage\":\"pl-PL\",\"potentialAction\":[{\"@type\":\"CommentAction\",\"name\":\"Comment\",\"target\":[\"https:\/\/halomeble.pl\/blog\/przeglad-modnych-krzesel-do-salonu\/#respond\"]}]},{\"@type\":\"WebPage\",\"@id\":\"https:\/\/halomeble.pl\/blog\/przeglad-modnych-krzesel-do-salonu\/\",\"url\":\"https:\/\/halomeble.pl\/blog\/przeglad-modnych-krzesel-do-salonu\/\",\"name\":\"Jakie S\u0105 Modne Krzes\u0142a do Salonu? - Przegl\u0105d Sto\u0142\u00f3w i Krzese\u0142 | Halo Meble\",\"isPartOf\":{\"@id\":\"https:\/\/halomeble.pl\/blog\/#website\"},\"primaryImageOfPage\":{\"@id\":\"https:\/\/halomeble.pl\/blog\/przeglad-modnych-krzesel-do-salonu\/#primaryimage\"},\"image\":{\"@id\":\"https:\/\/halomeble.pl\/blog\/przeglad-modnych-krzesel-do-salonu\/#primaryimage\"},\"thumbnailUrl\":\"https:\/\/halomeble.pl\/blog\/wp-content\/uploads\/2025\/09\/2150378910.jpg\",\"datePublished\":\"2025-09-01T13:08:28+00:00\",\"dateModified\":\"2025-09-22T13:09:37+00:00\",\"description\":\"Halo Meble \u27a4 Zobacz, jakie krzes\u0142a i sto\u0142y s\u0105 modne w salonie w 2025 roku! \u2728 Inspiracje, trendy i praktyczne porady. \u2728 Sprawd\u017a nasz przegl\u0105d i wybierz idealny zestaw!\",\"breadcrumb\":{\"@id\":\"https:\/\/halomeble.pl\/blog\/przeglad-modnych-krzesel-do-salonu\/#breadcrumb\"},\"inLanguage\":\"pl-PL\",\"potentialAction\":[{\"@type\":\"ReadAction\",\"target\":[\"https:\/\/halomeble.pl\/blog\/przeglad-modnych-krzesel-do-salonu\/\"]}]},{\"@type\":\"ImageObject\",\"inLanguage\":\"pl-PL\",\"@id\":\"https:\/\/halomeble.pl\/blog\/przeglad-modnych-krzesel-do-salonu\/#primaryimage\",\"url\":\"https:\/\/halomeble.pl\/blog\/wp-content\/uploads\/2025\/09\/2150378910.jpg\",\"contentUrl\":\"https:\/\/halomeble.pl\/blog\/wp-content\/uploads\/2025\/09\/2150378910.jpg\",\"width\":1500,\"height\":1000,\"caption\":\"modne krzes\u0142a do salonu\"},{\"@type\":\"BreadcrumbList\",\"@id\":\"https:\/\/halomeble.pl\/blog\/przeglad-modnych-krzesel-do-salonu\/#breadcrumb\",\"itemListElement\":[{\"@type\":\"ListItem\",\"position\":1,\"name\":\"Strona g\u0142\u00f3wna\",\"item\":\"https:\/\/halomeble.pl\/blog\/\"},{\"@type\":\"ListItem\",\"position\":2,\"name\":\"Przegl\u0105d modnych krzese\u0142 do Salonu\"}]},{\"@type\":\"WebSite\",\"@id\":\"https:\/\/halomeble.pl\/blog\/#website\",\"url\":\"https:\/\/halomeble.pl\/blog\/\",\"name\":\"Halo Meble\",\"description\":\"\",\"publisher\":{\"@id\":\"https:\/\/halomeble.pl\/blog\/#organization\"},\"potentialAction\":[{\"@type\":\"SearchAction\",\"target\":{\"@type\":\"EntryPoint\",\"urlTemplate\":\"https:\/\/halomeble.pl\/blog\/?s={search_term_string}\"},\"query-input\":{\"@type\":\"PropertyValueSpecification\",\"valueRequired\":true,\"valueName\":\"search_term_string\"}}],\"inLanguage\":\"pl-PL\"},{\"@type\":\"Organization\",\"@id\":\"https:\/\/halomeble.pl\/blog\/#organization\",\"name\":\"Halomeble\",\"url\":\"https:\/\/halomeble.pl\/blog\/\",\"logo\":{\"@type\":\"ImageObject\",\"inLanguage\":\"pl-PL\",\"@id\":\"https:\/\/halomeble.pl\/blog\/#\/schema\/logo\/image\/\",\"url\":\"https:\/\/halomeble.pl\/blog\/wp-content\/uploads\/2025\/04\/halomeble-logo.svg\",\"contentUrl\":\"https:\/\/halomeble.pl\/blog\/wp-content\/uploads\/2025\/04\/halomeble-logo.svg\",\"width\":201,\"height\":26,\"caption\":\"Halomeble\"},\"image\":{\"@id\":\"https:\/\/halomeble.pl\/blog\/#\/schema\/logo\/image\/\"},\"sameAs\":[\"https:\/\/www.facebook.com\/halomeblePL\/?locale=pl_PL\",\"https:\/\/www.instagram.com\/halomeble\/\",\"https:\/\/pl.pinterest.com\/search\/pins\/?q=halomeble&rs=typed\",\"https:\/\/www.tiktok.com\/@halomeble\"]},{\"@type\":\"Person\",\"@id\":\"https:\/\/halomeble.pl\/blog\/#\/schema\/person\/baadcde197f1c742baf96e9f5b7fddec\",\"name\":\"Karol\",\"image\":{\"@type\":\"ImageObject\",\"inLanguage\":\"pl-PL\",\"@id\":\"https:\/\/halomeble.pl\/blog\/#\/schema\/person\/image\/\",\"url\":\"https:\/\/secure.gravatar.com\/avatar\/38034505741d15d387098d2dfb18ea20b385fe8f56a9e7a3b3aadb937c090ec0?s=96&d=mm&r=g\",\"contentUrl\":\"https:\/\/secure.gravatar.com\/avatar\/38034505741d15d387098d2dfb18ea20b385fe8f56a9e7a3b3aadb937c090ec0?s=96&d=mm&r=g\",\"caption\":\"Karol\"}}]}<\/script>\n<!-- \/ Yoast SEO plugin. -->","yoast_head_json":{"title":"Jakie S\u0105 Modne Krzes\u0142a do Salonu? - Przegl\u0105d Sto\u0142\u00f3w i Krzese\u0142 | Halo Meble","description":"Halo Meble \u27a4 Zobacz, jakie krzes\u0142a i sto\u0142y s\u0105 modne w salonie w 2025 roku! \u2728 Inspiracje, trendy i praktyczne porady. \u2728 Sprawd\u017a nasz przegl\u0105d i wybierz idealny zestaw!","robots":{"index":"index","follow":"follow","max-snippet":"max-snippet:-1","max-image-preview":"max-image-preview:large","max-video-preview":"max-video-preview:-1"},"canonical":"https:\/\/halomeble.pl\/blog\/przeglad-modnych-krzesel-do-salonu\/","og_locale":"pl_PL","og_type":"article","og_title":"Jakie S\u0105 Modne Krzes\u0142a do Salonu? - Przegl\u0105d Sto\u0142\u00f3w i Krzese\u0142 | Halo Meble","og_description":"Halo Meble \u27a4 Zobacz, jakie krzes\u0142a i sto\u0142y s\u0105 modne w salonie w 2025 roku! \u2728 Inspiracje, trendy i praktyczne porady. \u2728 Sprawd\u017a nasz przegl\u0105d i wybierz idealny zestaw!","og_url":"https:\/\/halomeble.pl\/blog\/przeglad-modnych-krzesel-do-salonu\/","og_site_name":"Halo Meble","article_publisher":"https:\/\/www.facebook.com\/halomeblePL\/?locale=pl_PL","article_published_time":"2025-09-01T13:08:28+00:00","article_modified_time":"2025-09-22T13:09:37+00:00","og_image":[{"width":1500,"height":1000,"url":"https:\/\/halomeble.pl\/blog\/wp-content\/uploads\/2025\/09\/2150378910.jpg","type":"image\/jpeg"}],"author":"Karol","twitter_card":"summary_large_image","twitter_misc":{"Napisane przez":"halomeble","Szacowany czas czytania":"4 minuty"},"schema":{"@context":"https:\/\/schema.org","@graph":[{"@type":"Article","@id":"https:\/\/halomeble.pl\/blog\/przeglad-modnych-krzesel-do-salonu\/#article","isPartOf":{"@id":"https:\/\/halomeble.pl\/blog\/przeglad-modnych-krzesel-do-salonu\/"},"author":{"name":"Karol","@id":"https:\/\/halomeble.pl\/blog\/#\/schema\/person\/baadcde197f1c742baf96e9f5b7fddec"},"headline":"Przegl\u0105d modnych krzese\u0142 do Salonu","datePublished":"2025-09-01T13:08:28+00:00","dateModified":"2025-09-22T13:09:37+00:00","mainEntityOfPage":{"@id":"https:\/\/halomeble.pl\/blog\/przeglad-modnych-krzesel-do-salonu\/"},"wordCount":599,"commentCount":0,"publisher":{"@id":"https:\/\/halomeble.pl\/blog\/#organization"},"image":{"@id":"https:\/\/halomeble.pl\/blog\/przeglad-modnych-krzesel-do-salonu\/#primaryimage"},"thumbnailUrl":"https:\/\/halomeble.pl\/blog\/wp-content\/uploads\/2025\/09\/2150378910.jpg","inLanguage":"pl-PL","potentialAction":[{"@type":"CommentAction","name":"Comment","target":["https:\/\/halomeble.pl\/blog\/przeglad-modnych-krzesel-do-salonu\/#respond"]}]},{"@type":"WebPage","@id":"https:\/\/halomeble.pl\/blog\/przeglad-modnych-krzesel-do-salonu\/","url":"https:\/\/halomeble.pl\/blog\/przeglad-modnych-krzesel-do-salonu\/","name":"Jakie S\u0105 Modne Krzes\u0142a do Salonu? - Przegl\u0105d Sto\u0142\u00f3w i Krzese\u0142 | Halo Meble","isPartOf":{"@id":"https:\/\/halomeble.pl\/blog\/#website"},"primaryImageOfPage":{"@id":"https:\/\/halomeble.pl\/blog\/przeglad-modnych-krzesel-do-salonu\/#primaryimage"},"image":{"@id":"https:\/\/halomeble.pl\/blog\/przeglad-modnych-krzesel-do-salonu\/#primaryimage"},"thumbnailUrl":"https:\/\/halomeble.pl\/blog\/wp-content\/uploads\/2025\/09\/2150378910.jpg","datePublished":"2025-09-01T13:08:28+00:00","dateModified":"2025-09-22T13:09:37+00:00","description":"Halo Meble \u27a4 Zobacz, jakie krzes\u0142a i sto\u0142y s\u0105 modne w salonie w 2025 roku! \u2728 Inspiracje, trendy i praktyczne porady. \u2728 Sprawd\u017a nasz przegl\u0105d i wybierz idealny zestaw!","breadcrumb":{"@id":"https:\/\/halomeble.pl\/blog\/przeglad-modnych-krzesel-do-salonu\/#breadcrumb"},"inLanguage":"pl-PL","potentialAction":[{"@type":"ReadAction","target":["https:\/\/halomeble.pl\/blog\/przeglad-modnych-krzesel-do-salonu\/"]}]},{"@type":"ImageObject","inLanguage":"pl-PL","@id":"https:\/\/halomeble.pl\/blog\/przeglad-modnych-krzesel-do-salonu\/#primaryimage","url":"https:\/\/halomeble.pl\/blog\/wp-content\/uploads\/2025\/09\/2150378910.jpg","contentUrl":"https:\/\/halomeble.pl\/blog\/wp-content\/uploads\/2025\/09\/2150378910.jpg","width":1500,"height":1000,"caption":"modne krzes\u0142a do salonu"},{"@type":"BreadcrumbList","@id":"https:\/\/halomeble.pl\/blog\/przeglad-modnych-krzesel-do-salonu\/#breadcrumb","itemListElement":[{"@type":"ListItem","position":1,"name":"Strona g\u0142\u00f3wna","item":"https:\/\/halomeble.pl\/blog\/"},{"@type":"ListItem","position":2,"name":"Przegl\u0105d modnych krzese\u0142 do Salonu"}]},{"@type":"WebSite","@id":"https:\/\/halomeble.pl\/blog\/#website","url":"https:\/\/halomeble.pl\/blog\/","name":"Halo Meble","description":"","publisher":{"@id":"https:\/\/halomeble.pl\/blog\/#organization"},"potentialAction":[{"@type":"SearchAction","target":{"@type":"EntryPoint","urlTemplate":"https:\/\/halomeble.pl\/blog\/?s={search_term_string}"},"query-input":{"@type":"PropertyValueSpecification","valueRequired":true,"valueName":"search_term_string"}}],"inLanguage":"pl-PL"},{"@type":"Organization","@id":"https:\/\/halomeble.pl\/blog\/#organization","name":"Halomeble","url":"https:\/\/halomeble.pl\/blog\/","logo":{"@type":"ImageObject","inLanguage":"pl-PL","@id":"https:\/\/halomeble.pl\/blog\/#\/schema\/logo\/image\/","url":"https:\/\/halomeble.pl\/blog\/wp-content\/uploads\/2025\/04\/halomeble-logo.svg","contentUrl":"https:\/\/halomeble.pl\/blog\/wp-content\/uploads\/2025\/04\/halomeble-logo.svg","width":201,"height":26,"caption":"Halomeble"},"image":{"@id":"https:\/\/halomeble.pl\/blog\/#\/schema\/logo\/image\/"},"sameAs":["https:\/\/www.facebook.com\/halomeblePL\/?locale=pl_PL","https:\/\/www.instagram.com\/halomeble\/","https:\/\/pl.pinterest.com\/search\/pins\/?q=halomeble&rs=typed","https:\/\/www.tiktok.com\/@halomeble"]},{"@type":"Person","@id":"https:\/\/halomeble.pl\/blog\/#\/schema\/person\/baadcde197f1c742baf96e9f5b7fddec","name":"Karol","image":{"@type":"ImageObject","inLanguage":"pl-PL","@id":"https:\/\/halomeble.pl\/blog\/#\/schema\/person\/image\/","url":"https:\/\/secure.gravatar.com\/avatar\/38034505741d15d387098d2dfb18ea20b385fe8f56a9e7a3b3aadb937c090ec0?s=96&d=mm&r=g","contentUrl":"https:\/\/secure.gravatar.com\/avatar\/38034505741d15d387098d2dfb18ea20b385fe8f56a9e7a3b3aadb937c090ec0?s=96&d=mm&r=g","caption":"Karol"}}]}},"_links":{"self":[{"href":"https:\/\/halomeble.pl\/blog\/wp-json\/wp\/v2\/posts\/1024","targetHints":{"allow":["GET"]}}],"collection":[{"href":"https:\/\/halomeble.pl\/blog\/wp-json\/wp\/v2\/posts"}],"about":[{"href":"https:\/\/halomeble.pl\/blog\/wp-json\/wp\/v2\/types\/post"}],"author":[{"embeddable":true,"href":"https:\/\/halomeble.pl\/blog\/wp-json\/wp\/v2\/users\/4"}],"replies":[{"embeddable":true,"href":"https:\/\/halomeble.pl\/blog\/wp-json\/wp\/v2\/comments?post=1024"}],"version-history":[{"count":1,"href":"https:\/\/halomeble.pl\/blog\/wp-json\/wp\/v2\/posts\/1024\/revisions"}],"predecessor-version":[{"id":1026,"href":"https:\/\/halomeble.pl\/blog\/wp-json\/wp\/v2\/posts\/1024\/revisions\/1026"}],"wp:featuredmedia":[{"embeddable":true,"href":"https:\/\/halomeble.pl\/blog\/wp-json\/wp\/v2\/media\/1025"}],"wp:attachment":[{"href":"https:\/\/halomeble.pl\/blog\/wp-json\/wp\/v2\/media?parent=1024"}],"wp:term":[{"taxonomy":"category","embeddable":true,"href":"https:\/\/halomeble.pl\/blog\/wp-json\/wp\/v2\/categories?post=1024"},{"taxonomy":"post_tag","embeddable":true,"href":"https:\/\/halomeble.pl\/blog\/wp-json\/wp\/v2\/tags?post=1024"}],"curies":[{"name":"wp","href":"https:\/\/api.w.org\/{rel}","templated":true}]}}